{"id":805,"date":"2020-11-06T20:36:12","date_gmt":"2020-11-06T19:36:12","guid":{"rendered":"http:\/\/ilpolloruspante-dev.unime.it\/?p=805"},"modified":"2020-12-11T13:53:49","modified_gmt":"2020-12-11T12:53:49","slug":"fabio-andreazza","status":"publish","type":"post","link":"https:\/\/ilpolloruspante.unime.it\/index.php\/2020\/11\/06\/fabio-andreazza\/","title":{"rendered":"Fabio Andreazza"},"content":{"rendered":"\n<div class=\"w-100 d-flex jusify-content-center aalign-items-center\">\n  <div style=\"background-color: #FAC000; \n    width: min-content; \n    white-space: nowrap; \n    color: #3A3A3A;\n    font-weight: 500;\n    text-decoration: none;\n    background-color: #FAC000;\n    display: flex;\n    justify-content: center;\n    align-items: center;\n    padding: 2px 8px;\n    border-radius: 4px;\n    border-radius: 4px;\n\">Responsabile di Unit\u00e0<\/div><\/div>\n\n\n\n<p class=\"wp-block-paragraph\">Fabio Andreazza \u00e8 professore associato all\u2019Universit\u00e0 di Chieti-Pescara, dove insegna Storia del cinema e Cinema e scrittura. \u00c8 stato <em>professeur invit\u00e9<\/em> all\u2019Universit\u00e9 Paris 1 Panth\u00e9on-Sorbonne (2018) e <em>chercheur invit\u00e9<\/em> all\u2019\u00c9cole des Hautes \u00c9tudes en Sciences Sociales di Parigi (2013) e all\u2019Universit\u00e9 Sorbonne Nouvelle-Paris 3 (2016). \u00c8 membro del Consiglio direttivo dell\u2019Associazione Italiana per le Ricerche di Storia del Cinema. Si occupa principalmente di storia sociale del cinema italiano e il suo lavoro si focalizza sulla ricostruzione delle dinamiche, dei conflitti, delle poste in gioco, degli schemi di percezione e valutazione che nel corso del Novecento hanno dato forma a questo nuovo campo culturale.\u00a0Tra le sue pubblicazioni: <em>Identificazione di un\u2019arte. Scrittori e cinema nel primo Novecento italiano<\/em> (Bulzoni, 2008), <em>Ettore M. Margadonna, Il cinema negli anni Trenta. Saggi, articoli, racconti<\/em> (Le Lettere, 2013), <em>Canudo et le cin\u00e9ma<\/em> (Nouvelles Editions Place, 2018).<\/p>\n\n\n\n<hr>\n<div class=\"container-email\">\n    <h4>\n        Fabio Andreazza &#8211; Universit\u00e0 degli Studi di Chieti-Pescara\n        <hr class=\"custom-hr-email\">\n        <div class=\"info-container\">\n            <p class=\"custom-p-team\">\n                Recapito Istituzionale\n            <\/p>\n            <a href=\"mailto:f.andreazza@unich.it\">f.andreazza@unich.it<\/a>\n        <\/div>\n    <\/h4>\n<\/div>\n","protected":false},"excerpt":{"rendered":"<p>Responsabile di Unit\u00e0 Fabio Andreazza \u00e8 professore associato all\u2019Universit\u00e0 di Chieti-Pescara, dove insegna Storia del cinema e Cinema e scrittura. \u00c8 stato professeur invit\u00e9 all\u2019Universit\u00e9 Paris 1 Panth\u00e9on-Sorbonne (2018) e chercheur invit\u00e9 all\u2019\u00c9cole des Hautes \u00c9tudes en Sciences Sociales di Parigi (2013) e all\u2019Universit\u00e9 Sorbonne Nouvelle-Paris 3 (2016). \u00c8 membro del Consiglio direttivo dell\u2019Associazione Italiana [&hellip;]<\/p>\n","protected":false},"author":2,"featured_media":806,"comment_status":"closed","ping_status":"open","sticky":false,"template":"","format":"standard","meta":{"_acf_changed":false,"site-sidebar-layout":"default","site-content-layout":"default","ast-site-content-layout":"default","site-content-style":"default","site-sidebar-style":"default","ast-global-header-display":"","ast-banner-title-visibility":"","ast-main-header-display":"","ast-hfb-above-header-display":"","ast-hfb-below-header-display":"","ast-hfb-mobile-header-display":"","site-post-title":"","ast-breadcrumbs-content":"","ast-featured-img":"","footer-sml-layout":"","theme-transparent-header-meta":"default","adv-header-id-meta":"","stick-header-meta":"","header-above-stick-meta":"","header-main-stick-meta":"","header-below-stick-meta":"","astra-migrate-meta-layouts":"default","ast-page-background-enabled":"default","ast-page-background-meta":{"desktop":{"background-color":"var(--ast-global-color-4)","background-image":"","background-repeat":"repeat","background-position":"center center","background-size":"auto","background-attachment":"scroll","background-type":"","background-media":"","overlay-type":"","overlay-color":"","overlay-opacity":"","overlay-gradient":""},"tablet":{"background-color":"","background-image":"","background-repeat":"repeat","background-position":"center center","background-size":"auto","background-attachment":"scroll","background-type":"","background-media":"","overlay-type":"","overlay-color":"","overlay-opacity":"","overlay-gradient":""},"mobile":{"background-color":"","background-image":"","background-repeat":"repeat","background-position":"center center","background-size":"auto","background-attachment":"scroll","background-type":"","background-media":"","overlay-type":"","overlay-color":"","overlay-opacity":"","overlay-gradient":""}},"ast-content-background-meta":{"desktop":{"background-color":"var(--ast-global-color-5)","background-image":"","background-repeat":"repeat","background-position":"center center","background-size":"auto","background-attachment":"scroll","background-type":"","background-media":"","overlay-type":"","overlay-color":"","overlay-opacity":"","overlay-gradient":""},"tablet":{"background-color":"var(--ast-global-color-5)","background-image":"","background-repeat":"repeat","background-position":"center center","background-size":"auto","background-attachment":"scroll","background-type":"","background-media":"","overlay-type":"","overlay-color":"","overlay-opacity":"","overlay-gradient":""},"mobile":{"background-color":"var(--ast-global-color-5)","background-image":"","background-repeat":"repeat","background-position":"center center","background-size":"auto","background-attachment":"scroll","background-type":"","background-media":"","overlay-type":"","overlay-color":"","overlay-opacity":"","overlay-gradient":""}},"footnotes":""},"categories":[18],"tags":[],"class_list":["post-805","post","type-post","status-publish","format-standard","has-post-thumbnail","hentry","category-membri-team-chieti-pescara"],"acf":[],"_links":{"self":[{"href":"https:\/\/ilpolloruspante.unime.it\/index.php\/wp-json\/wp\/v2\/posts\/805","targetHints":{"allow":["GET"]}}],"collection":[{"href":"https:\/\/ilpolloruspante.unime.it\/index.php\/wp-json\/wp\/v2\/posts"}],"about":[{"href":"https:\/\/ilpolloruspante.unime.it\/index.php\/wp-json\/wp\/v2\/types\/post"}],"author":[{"embeddable":true,"href":"https:\/\/ilpolloruspante.unime.it\/index.php\/wp-json\/wp\/v2\/users\/2"}],"replies":[{"embeddable":true,"href":"https:\/\/ilpolloruspante.unime.it\/index.php\/wp-json\/wp\/v2\/comments?post=805"}],"version-history":[{"count":6,"href":"https:\/\/ilpolloruspante.unime.it\/index.php\/wp-json\/wp\/v2\/posts\/805\/revisions"}],"predecessor-version":[{"id":1318,"href":"https:\/\/ilpolloruspante.unime.it\/index.php\/wp-json\/wp\/v2\/posts\/805\/revisions\/1318"}],"wp:featuredmedia":[{"embeddable":true,"href":"https:\/\/ilpolloruspante.unime.it\/index.php\/wp-json\/wp\/v2\/media\/806"}],"wp:attachment":[{"href":"https:\/\/ilpolloruspante.unime.it\/index.php\/wp-json\/wp\/v2\/media?parent=805"}],"wp:term":[{"taxonomy":"category","embeddable":true,"href":"https:\/\/ilpolloruspante.unime.it\/index.php\/wp-json\/wp\/v2\/categories?post=805"},{"taxonomy":"post_tag","embeddable":true,"href":"https:\/\/ilpolloruspante.unime.it\/index.php\/wp-json\/wp\/v2\/tags?post=805"}],"curies":[{"name":"wp","href":"https:\/\/api.w.org\/{rel}","templated":true}]}}